{"id":848,"date":"2021-06-23T23:18:00","date_gmt":"2021-06-23T21:18:00","guid":{"rendered":"https:\/\/naturel.enroutepourleweb.com\/?p=848"},"modified":"2021-06-25T08:21:56","modified_gmt":"2021-06-25T06:21:56","slug":"interview-dalain-par-libertoo","status":"publish","type":"post","link":"https:\/\/naturel.enroutepourleweb.com\/index.php\/2021\/06\/23\/interview-dalain-par-libertoo\/","title":{"rendered":"Interview d&rsquo;Alain par Libertoo"},"content":{"rendered":"<p>[et_pb_section fb_built=\u00a0\u00bb1&Prime; _builder_version=\u00a0\u00bb4.9.2&Prime; _module_preset=\u00a0\u00bbdefault\u00a0\u00bb][et_pb_row _builder_version=\u00a0\u00bb4.9.2&Prime; _module_preset=\u00a0\u00bbdefault\u00a0\u00bb][et_pb_column type=\u00a0\u00bb4_4&Prime; _builder_version=\u00a0\u00bb4.9.2&Prime; _module_preset=\u00a0\u00bbdefault\u00a0\u00bb][et_pb_image src=\u00a0\u00bbhttps:\/\/naturel.enroutepourleweb.com\/wp-content\/uploads\/2021\/06\/initial1-petit-taille.jpg\u00a0\u00bb _builder_version=\u00a0\u00bb4.9.4&Prime; _module_preset=\u00a0\u00bbdefault\u00a0\u00bb hover_enabled=\u00a0\u00bb0&Prime; alt=\u00a0\u00bbNaturel_Blog_interview-Libertoo_creation enroutepourleweb\u00a0\u00bb title_text=\u00a0\u00bbinitial1 petit taille\u00a0\u00bb sticky_enabled=\u00a0\u00bb0&Prime;][\/et_pb_image][et_pb_text _builder_version=\u00a0\u00bb4.9.4&Prime; _module_preset=\u00a0\u00bbdefault\u00a0\u00bb]<\/p>\n<p>Interview d\u2019Alain, un ovni du jardinage, puisqu\u2019il distribue des lots de graines avec modestie au prix d\u2019incroyables efforts et d\u2019une organisation \u00e9poustouflante. Virtuose de la brouette hamac, Alain est aussi un po\u00e8te cuisinier, car il compose et partage des<br \/>id\u00e9es de recettes qui mettent la messe en latin \u00e0 bien des chefs \u00e9toil\u00e9s.<br \/>Le paradis c\u2019est contagieux&#8230;<\/p>\n<p>[\/et_pb_text][et_pb_text _builder_version=\u00a0\u00bb4.9.4&Prime; _module_preset=\u00a0\u00bbdefault\u00a0\u00bb]<\/p>\n<p><strong>Si la biodiversit\u00e9 \u00e9taient un crime, peut-on dire que tu es un grainetier<\/strong><br \/><strong>de masse, ou un semeur en s\u00e9rie lol ?<\/strong><br \/>Je ne suis ni grainetier de masse, ni semeur en s\u00e9rie. Je m&rsquo;efforce de jardiner le plus possible en respectant la nature et ce qui la caract\u00e9rise : la biodiversit\u00e9. Beaucoup de graines que je donne sont issues de plantes spontan\u00e9es ou que j&rsquo;ai import\u00e9es qui se plaisent dans mon jardin .<\/p>\n<p>[\/et_pb_text][et_pb_text _builder_version=\u00a0\u00bb4.9.4&Prime; _module_preset=\u00a0\u00bbdefault\u00a0\u00bb]<\/p>\n<p><strong>Tu peux nous rappeler le process de r\u00e9colte des graines, de r\u00e9partition <\/strong><strong>et de conditionnement ? Cela doit t&rsquo;occuper des centaines d&rsquo;heures ! <\/strong><strong>Quelles graines sont les plus dures \u00e0 manipuler ? Coquelicots ?<\/strong><\/p>\n<p>[\/et_pb_text][et_pb_image src=\u00a0\u00bbhttps:\/\/naturel.enroutepourleweb.com\/wp-content\/uploads\/2021\/06\/initial2-petite-taille.jpg\u00a0\u00bb _builder_version=\u00a0\u00bb4.9.4&Prime; _module_preset=\u00a0\u00bbdefault\u00a0\u00bb hover_enabled=\u00a0\u00bb0&Prime; alt=\u00a0\u00bbNaturel_Blog_interview-Libertoo_creation enroutepourleweb\u00a0\u00bb title_text=\u00a0\u00bbinitial2 petite taille\u00a0\u00bb sticky_enabled=\u00a0\u00bb0&Prime;][\/et_pb_image][et_pb_text _builder_version=\u00a0\u00bb4.9.4&Prime; _module_preset=\u00a0\u00bbdefault\u00a0\u00bb]<\/p>\n<p>Oui , la r\u00e9colte, le s\u00e9chage, l&rsquo;extraction, le tri, le nettoyage, le stockage, l&rsquo;ensachage, impliquent de nombreuses heures de travail impossibles \u00e0 \u00e9valuer avec pr\u00e9cision. Je me suis amus\u00e9 \u00e0 d\u00e9terminer le temps approximatif \u00e0 consacrer \u00e0 l&rsquo;ensachage et la confection d&rsquo;un lot compos\u00e9 de 64 sachets.<br \/>C&rsquo;est environ 1 heure. Le coquelicot ne me pose aucun probl\u00e8me sauf que parfois il reste un peu de poussi\u00e8re. Le dernier probl\u00e8me que j&rsquo;ai rencontr\u00e9 c&rsquo;est avec la tanaisie ou j&rsquo;ai des difficult\u00e9s pour isoler les graines.<\/p>\n<p>[\/et_pb_text][et_pb_text _builder_version=\u00a0\u00bb4.9.4&Prime; _module_preset=\u00a0\u00bbdefault\u00a0\u00bb]<\/p>\n<p><strong>Par quels d\u00e9clics successifs tu es rentr\u00e9 dans l&rsquo;univers du troc, don, <\/strong><strong>\u00e9change de ces graines rares, et m\u00eame ce concept de drive pour <\/strong><strong>prendre les plants ? Ce ne sont pas des inventions de ta part, mais tu <\/strong><strong>sembles un bon exemple de puriste dans l&rsquo;intention et radical dans tes <\/strong><strong>collections. Est-ce une sorte d&rsquo;addiction une fois qu&rsquo;on est embarqu\u00e9 <\/strong><strong>dans l&rsquo;histoire ?<\/strong><\/p>\n<p>[\/et_pb_text][et_pb_text _builder_version=\u00a0\u00bb4.9.4&Prime; _module_preset=\u00a0\u00bbdefault\u00a0\u00bb]<\/p>\n<p>\u00a0Lorsqu&rsquo;en f\u00e9vrier 2000 j&rsquo;ai arr\u00eat\u00e9 la vie professionnelle, c&rsquo;\u00e9tait avec l&rsquo;intention de ne plus rien faire qui me rappelle le \u00ab\u00a0bureau\u00a0\u00bb. La d\u00e9congestion a dur\u00e9 jusqu&rsquo;en 2006 . Je me suis inscrit sur aujardin le 2 janvier 2007 afin de r\u00e9aliser des \u00e9changes de graines, puis sur graines et plantes en 2009 . Mais tr\u00e8s vite, je suis pass\u00e9 aux dons car d\u00e9j\u00e0 j&rsquo;arrivais \u00e0 produire dans les 2000 sachets par saison. Cette allure de croisi\u00e8re a dur\u00e9 8 ans. Ensuite je suis mont\u00e9 en puissance pour arriver au sommet d&rsquo;aujourd&rsquo;hui. Cette ann\u00e9e j&rsquo;ai r\u00e9alis\u00e9 pour la premi\u00e8re fois tous mes objectifs, surtout celui de connaitre mes limites.maintenant que je les connais, je ne vais plus accepter de supporter la m\u00eame pression. Cons\u00e9quence: les objectifs de la prochaine saison vont \u00eatre revus \u00e0 la baisse<\/p>\n<p>[\/et_pb_text][et_pb_text _builder_version=\u00a0\u00bb4.9.4&Prime; _module_preset=\u00a0\u00bbdefault\u00a0\u00bb]<\/p>\n<p><strong>Tu montres r\u00e9guli\u00e8rement des recettes de salades \u00e0 base de fleurs et <\/strong><strong>plantes sauvages. Est-ce que consommer les produits naturels implique <\/strong><strong>un palais plus ouvert \u00e0 l&rsquo;amertume ou au piquant, par exemple, dans un <\/strong><strong>monde de roquette qui pique pas en sachet et de vinaigrette sucr\u00e9e <\/strong><strong>blind\u00e9e de produits chimiques ? Est-ce que tu acc\u00e8des \u00e0 des souvenirs <\/strong><strong>de gens en fonction de terroirs. Par exemple la primev\u00e8re, c&rsquo;est typique <\/strong><strong>d&rsquo;une r\u00e9gion ?<\/strong><\/p>\n<p>[\/et_pb_text][et_pb_text _builder_version=\u00a0\u00bb4.9.4&Prime; _module_preset=\u00a0\u00bbdefault\u00a0\u00bb]<\/p>\n<p>Je ne montre pas que des assiettes de salades agr\u00e9ment\u00e9es de fleurs et plantes sauvages. Je montre surtout la diversit\u00e9 dans mon assiette de l\u00e9gumes. En fait je montre tout ce que je consomme issu de mon jardin.<\/p>\n<p>[\/et_pb_text][et_pb_text _builder_version=\u00a0\u00bb4.9.4&Prime; _module_preset=\u00a0\u00bbdefault\u00a0\u00bb]<\/p>\n<p><strong>N&rsquo;est-ce pas un paradoxe de pouvoir facilement acc\u00e9der \u00e0 tous les savoirs sur un smartphone tout en pi\u00e9tinant de bonnes choses dans l&rsquo;herbe, et en continuant de participer \u00e0 une destruction lente et cynique <\/strong><strong>? Les enjeux de la biodiversit\u00e9 ne sont-ils pas autour d&rsquo;une guerre de l&rsquo;information ?<\/strong><\/p>\n<p>[\/et_pb_text][et_pb_text _builder_version=\u00a0\u00bb4.9.4&Prime; _module_preset=\u00a0\u00bbdefault\u00a0\u00bb]<\/p>\n<p>Le smartphone n&rsquo;a sa place au jardin qu&rsquo;en temps qu&rsquo;appareil photo. Si quelque fois il est dans ma poche, c&rsquo;est parce qu&rsquo;il sert de sonnette lorsque j&rsquo;attends un visiteur. Comme je l&rsquo;utilises en wi-fi, je dois entrer dans le cellier lorsque j&rsquo;ai besoin de lui pour compenser ma m\u00e9moire d\u00e9faillante .<\/p>\n<p>[\/et_pb_text][et_pb_text _builder_version=\u00a0\u00bb4.9.4&Prime; _module_preset=\u00a0\u00bbdefault\u00a0\u00bb]<\/p>\n<p><strong>Au final, tu aimerais former plus de jeunes \u00e0 tes disciplines et \u00e0 ta philosophie ? Au del\u00e0 de la biodiversit\u00e9, que retirer de l&rsquo;exp\u00e9rience <\/strong><strong>sociale autour du don et troc de graines ?<\/strong><\/p>\n<p>[\/et_pb_text][et_pb_text _builder_version=\u00a0\u00bb4.9.4&Prime; _module_preset=\u00a0\u00bbdefault\u00a0\u00bb]<\/p>\n<p>Depuis 2004 j&rsquo;ai consacr\u00e9 du temps aux jardiniers du cercle des fontaines, militant les premiers temps pour un jardin plus naturel. Maintenant je me contente de leur donner moins de 1% de mes graines mais de nombreux godets gr\u00e2ce au drive que j&rsquo;ai mis en place en mars l&rsquo;an dernier.<\/p>\n<p>[\/et_pb_text][et_pb_text _builder_version=\u00a0\u00bb4.9.4&Prime; _module_preset=\u00a0\u00bbdefault\u00a0\u00bb]<\/p>\n<p><strong>Comme chez Libertoo on aime bien faire des miracles, quelles seraient les graines qui te manquent, et charge \u00e0 nos lecteurs de t&rsquo;en proposer ? \ud83d\ude42<\/strong><\/p>\n<p>[\/et_pb_text][et_pb_text _builder_version=\u00a0\u00bb4.9.4&Prime; _module_preset=\u00a0\u00bbdefault\u00a0\u00bb]<\/p>\n<p>Parce que je me contente de ce que j&rsquo;ai, je n&rsquo;\u00e9change pas. De temps en temps on me fait cadeau de graines en reconnaissance de mes dons. C&rsquo;est ainsi qu&rsquo;un paresseux m&rsquo;a offert un sachet d&rsquo;Artemisia annua. un autre de<br \/>\u00a0arditroc 10 vari\u00e9t\u00e9s de tomates, etc&#8230;<\/p>\n<p>[\/et_pb_text][et_pb_image src=\u00a0\u00bbhttps:\/\/naturel.enroutepourleweb.com\/wp-content\/uploads\/2021\/06\/salade-pense\u0301e.jpg\u00a0\u00bb _builder_version=\u00a0\u00bb4.9.4&Prime; _module_preset=\u00a0\u00bbdefault\u00a0\u00bb hover_enabled=\u00a0\u00bb0&Prime; alt=\u00a0\u00bbNaturel-blog interview par Libertoo creation enroutepourleweb\u00a0\u00bb title_text=\u00a0\u00bbsalade pense\u0301e\u00a0\u00bb sticky_enabled=\u00a0\u00bb0&Prime; width=\u00a0\u00bb44%\u00a0\u00bb max_width=\u00a0\u00bb44%\u00a0\u00bb][\/et_pb_image][\/et_pb_column][\/et_pb_row][\/et_pb_section]<\/p>\n","protected":false},"excerpt":{"rendered":"<p>[et_pb_section fb_built=\u00a0\u00bb1&Prime; _builder_version=\u00a0\u00bb4.9.2&Prime; _module_preset=\u00a0\u00bbdefault\u00a0\u00bb][et_pb_row _builder_version=\u00a0\u00bb4.9.2&Prime; _module_preset=\u00a0\u00bbdefault\u00a0\u00bb][et_pb_column type=\u00a0\u00bb4_4&Prime; _builder_version=\u00a0\u00bb4.9.2&Prime; _module_preset=\u00a0\u00bbdefault\u00a0\u00bb][et_pb_image src=\u00a0\u00bbhttps:\/\/naturel.enroutepourleweb.com\/wp-content\/uploads\/2021\/06\/initial1-petit-taille.jpg\u00a0\u00bb _builder_version=\u00a0\u00bb4.9.4&Prime; _module_preset=\u00a0\u00bbdefault\u00a0\u00bb hover_enabled=\u00a0\u00bb0&Prime; alt=\u00a0\u00bbNaturel_Blog_interview-Libertoo_creation enroutepourleweb\u00a0\u00bb title_text=\u00a0\u00bbinitial1 petit taille\u00a0\u00bb sticky_enabled=\u00a0\u00bb0&Prime;][\/et_pb_image][et_pb_text _builder_version=\u00a0\u00bb4.9.4&Prime; _module_preset=\u00a0\u00bbdefault\u00a0\u00bb] Interview d\u2019Alain, un ovni du jardinage, puisqu\u2019il distribue des lots de graines avec modestie au prix d\u2019incroyables efforts et d\u2019une organisation \u00e9poustouflante. Virtuose de la brouette hamac, Alain est aussi un po\u00e8te cuisinier, car [&hellip;]<\/p>\n","protected":false},"author":2,"featured_media":0,"comment_status":"open","ping_status":"open","sticky":false,"template":"","format":"standard","meta":{"_et_pb_use_builder":"on","_et_pb_old_content":"","_et_gb_content_width":""},"categories":[13],"tags":[],"yoast_head":"<!-- This site is optimized with the Yoast SEO plugin v18.4.1 - https:\/\/yoast.com\/wordpress\/plugins\/seo\/ -->\n<title>Interview d&#039;Alain par Libertoo - Naturel<\/title>\n<meta name=\"robots\" content=\"index, follow, max-snippet:-1, max-image-preview:large, max-video-preview:-1\" \/>\n<link rel=\"canonical\" href=\"https:\/\/naturel.enroutepourleweb.com\/index.php\/2021\/06\/23\/interview-dalain-par-libertoo\/\" \/>\n<meta property=\"og:locale\" content=\"fr_FR\" \/>\n<meta property=\"og:type\" content=\"article\" \/>\n<meta property=\"og:title\" content=\"Interview d&#039;Alain par Libertoo - Naturel\" \/>\n<meta property=\"og:description\" content=\"[et_pb_section fb_built=\u00a0\u00bb1&Prime; _builder_version=\u00a0\u00bb4.9.2&Prime; _module_preset=\u00a0\u00bbdefault\u00a0\u00bb][et_pb_row _builder_version=\u00a0\u00bb4.9.2&Prime; _module_preset=\u00a0\u00bbdefault\u00a0\u00bb][et_pb_column type=\u00a0\u00bb4_4&Prime; _builder_version=\u00a0\u00bb4.9.2&Prime; _module_preset=\u00a0\u00bbdefault\u00a0\u00bb][et_pb_image src=\u00a0\u00bbhttps:\/\/naturel.enroutepourleweb.com\/wp-content\/uploads\/2021\/06\/initial1-petit-taille.jpg\u00a0\u00bb _builder_version=\u00a0\u00bb4.9.4&Prime; _module_preset=\u00a0\u00bbdefault\u00a0\u00bb hover_enabled=\u00a0\u00bb0&Prime; alt=\u00a0\u00bbNaturel_Blog_interview-Libertoo_creation enroutepourleweb\u00a0\u00bb title_text=\u00a0\u00bbinitial1 petit taille\u00a0\u00bb sticky_enabled=\u00a0\u00bb0&Prime;][\/et_pb_image][et_pb_text _builder_version=\u00a0\u00bb4.9.4&Prime; _module_preset=\u00a0\u00bbdefault\u00a0\u00bb] Interview d\u2019Alain, un ovni du jardinage, puisqu\u2019il distribue des lots de graines avec modestie au prix d\u2019incroyables efforts et d\u2019une organisation \u00e9poustouflante. Virtuose de la brouette hamac, Alain est aussi un po\u00e8te cuisinier, car [&hellip;]\" \/>\n<meta property=\"og:url\" content=\"https:\/\/naturel.enroutepourleweb.com\/index.php\/2021\/06\/23\/interview-dalain-par-libertoo\/\" \/>\n<meta property=\"og:site_name\" content=\"Naturel\" \/>\n<meta property=\"article:published_time\" content=\"2021-06-23T21:18:00+00:00\" \/>\n<meta property=\"article:modified_time\" content=\"2021-06-25T06:21:56+00:00\" \/>\n<meta name=\"twitter:card\" content=\"summary_large_image\" \/>\n<meta name=\"twitter:label1\" content=\"\u00c9crit par\" \/>\n\t<meta name=\"twitter:data1\" content=\"alain\" \/>\n\t<meta name=\"twitter:label2\" content=\"Dur\u00e9e de lecture estim\u00e9e\" \/>\n\t<meta name=\"twitter:data2\" content=\"4 minutes\" \/>\n<script type=\"application\/ld+json\" class=\"yoast-schema-graph\">{\"@context\":\"https:\/\/schema.org\",\"@graph\":[{\"@type\":\"WebSite\",\"@id\":\"https:\/\/naturel.enroutepourleweb.com\/#website\",\"url\":\"https:\/\/naturel.enroutepourleweb.com\/\",\"name\":\"Naturel\",\"description\":\"Chassez le Naturel, il revient au galop\",\"potentialAction\":[{\"@type\":\"SearchAction\",\"target\":{\"@type\":\"EntryPoint\",\"urlTemplate\":\"https:\/\/naturel.enroutepourleweb.com\/?s={search_term_string}\"},\"query-input\":\"required name=search_term_string\"}],\"inLanguage\":\"fr-FR\"},{\"@type\":\"WebPage\",\"@id\":\"https:\/\/naturel.enroutepourleweb.com\/index.php\/2021\/06\/23\/interview-dalain-par-libertoo\/#webpage\",\"url\":\"https:\/\/naturel.enroutepourleweb.com\/index.php\/2021\/06\/23\/interview-dalain-par-libertoo\/\",\"name\":\"Interview d'Alain par Libertoo - Naturel\",\"isPartOf\":{\"@id\":\"https:\/\/naturel.enroutepourleweb.com\/#website\"},\"datePublished\":\"2021-06-23T21:18:00+00:00\",\"dateModified\":\"2021-06-25T06:21:56+00:00\",\"author\":{\"@id\":\"https:\/\/naturel.enroutepourleweb.com\/#\/schema\/person\/37b9854a731d6abcc5e8d4db8f387dd0\"},\"breadcrumb\":{\"@id\":\"https:\/\/naturel.enroutepourleweb.com\/index.php\/2021\/06\/23\/interview-dalain-par-libertoo\/#breadcrumb\"},\"inLanguage\":\"fr-FR\",\"potentialAction\":[{\"@type\":\"ReadAction\",\"target\":[\"https:\/\/naturel.enroutepourleweb.com\/index.php\/2021\/06\/23\/interview-dalain-par-libertoo\/\"]}]},{\"@type\":\"BreadcrumbList\",\"@id\":\"https:\/\/naturel.enroutepourleweb.com\/index.php\/2021\/06\/23\/interview-dalain-par-libertoo\/#breadcrumb\",\"itemListElement\":[{\"@type\":\"ListItem\",\"position\":1,\"name\":\"Accueil\",\"item\":\"https:\/\/naturel.enroutepourleweb.com\/\"},{\"@type\":\"ListItem\",\"position\":2,\"name\":\"Interview d&rsquo;Alain par Libertoo\"}]},{\"@type\":\"Person\",\"@id\":\"https:\/\/naturel.enroutepourleweb.com\/#\/schema\/person\/37b9854a731d6abcc5e8d4db8f387dd0\",\"name\":\"alain\",\"image\":{\"@type\":\"ImageObject\",\"@id\":\"https:\/\/naturel.enroutepourleweb.com\/#personlogo\",\"inLanguage\":\"fr-FR\",\"url\":\"https:\/\/secure.gravatar.com\/avatar\/ea368c9d827a044e03c93b24f74917c8?s=96&d=mm&r=g\",\"contentUrl\":\"https:\/\/secure.gravatar.com\/avatar\/ea368c9d827a044e03c93b24f74917c8?s=96&d=mm&r=g\",\"caption\":\"alain\"},\"url\":\"https:\/\/naturel.enroutepourleweb.com\/index.php\/author\/alain\/\"}]}<\/script>\n<!-- \/ Yoast SEO plugin. -->","yoast_head_json":{"title":"Interview d'Alain par Libertoo - Naturel","robots":{"index":"index","follow":"follow","max-snippet":"max-snippet:-1","max-image-preview":"max-image-preview:large","max-video-preview":"max-video-preview:-1"},"canonical":"https:\/\/naturel.enroutepourleweb.com\/index.php\/2021\/06\/23\/interview-dalain-par-libertoo\/","og_locale":"fr_FR","og_type":"article","og_title":"Interview d'Alain par Libertoo - Naturel","og_description":"[et_pb_section fb_built=\u00a0\u00bb1&Prime; _builder_version=\u00a0\u00bb4.9.2&Prime; _module_preset=\u00a0\u00bbdefault\u00a0\u00bb][et_pb_row _builder_version=\u00a0\u00bb4.9.2&Prime; _module_preset=\u00a0\u00bbdefault\u00a0\u00bb][et_pb_column type=\u00a0\u00bb4_4&Prime; _builder_version=\u00a0\u00bb4.9.2&Prime; _module_preset=\u00a0\u00bbdefault\u00a0\u00bb][et_pb_image src=\u00a0\u00bbhttps:\/\/naturel.enroutepourleweb.com\/wp-content\/uploads\/2021\/06\/initial1-petit-taille.jpg\u00a0\u00bb _builder_version=\u00a0\u00bb4.9.4&Prime; _module_preset=\u00a0\u00bbdefault\u00a0\u00bb hover_enabled=\u00a0\u00bb0&Prime; alt=\u00a0\u00bbNaturel_Blog_interview-Libertoo_creation enroutepourleweb\u00a0\u00bb title_text=\u00a0\u00bbinitial1 petit taille\u00a0\u00bb sticky_enabled=\u00a0\u00bb0&Prime;][\/et_pb_image][et_pb_text _builder_version=\u00a0\u00bb4.9.4&Prime; _module_preset=\u00a0\u00bbdefault\u00a0\u00bb] Interview d\u2019Alain, un ovni du jardinage, puisqu\u2019il distribue des lots de graines avec modestie au prix d\u2019incroyables efforts et d\u2019une organisation \u00e9poustouflante. Virtuose de la brouette hamac, Alain est aussi un po\u00e8te cuisinier, car [&hellip;]","og_url":"https:\/\/naturel.enroutepourleweb.com\/index.php\/2021\/06\/23\/interview-dalain-par-libertoo\/","og_site_name":"Naturel","article_published_time":"2021-06-23T21:18:00+00:00","article_modified_time":"2021-06-25T06:21:56+00:00","twitter_card":"summary_large_image","twitter_misc":{"\u00c9crit par":"alain","Dur\u00e9e de lecture estim\u00e9e":"4 minutes"},"schema":{"@context":"https:\/\/schema.org","@graph":[{"@type":"WebSite","@id":"https:\/\/naturel.enroutepourleweb.com\/#website","url":"https:\/\/naturel.enroutepourleweb.com\/","name":"Naturel","description":"Chassez le Naturel, il revient au galop","potentialAction":[{"@type":"SearchAction","target":{"@type":"EntryPoint","urlTemplate":"https:\/\/naturel.enroutepourleweb.com\/?s={search_term_string}"},"query-input":"required name=search_term_string"}],"inLanguage":"fr-FR"},{"@type":"WebPage","@id":"https:\/\/naturel.enroutepourleweb.com\/index.php\/2021\/06\/23\/interview-dalain-par-libertoo\/#webpage","url":"https:\/\/naturel.enroutepourleweb.com\/index.php\/2021\/06\/23\/interview-dalain-par-libertoo\/","name":"Interview d'Alain par Libertoo - Naturel","isPartOf":{"@id":"https:\/\/naturel.enroutepourleweb.com\/#website"},"datePublished":"2021-06-23T21:18:00+00:00","dateModified":"2021-06-25T06:21:56+00:00","author":{"@id":"https:\/\/naturel.enroutepourleweb.com\/#\/schema\/person\/37b9854a731d6abcc5e8d4db8f387dd0"},"breadcrumb":{"@id":"https:\/\/naturel.enroutepourleweb.com\/index.php\/2021\/06\/23\/interview-dalain-par-libertoo\/#breadcrumb"},"inLanguage":"fr-FR","potentialAction":[{"@type":"ReadAction","target":["https:\/\/naturel.enroutepourleweb.com\/index.php\/2021\/06\/23\/interview-dalain-par-libertoo\/"]}]},{"@type":"BreadcrumbList","@id":"https:\/\/naturel.enroutepourleweb.com\/index.php\/2021\/06\/23\/interview-dalain-par-libertoo\/#breadcrumb","itemListElement":[{"@type":"ListItem","position":1,"name":"Accueil","item":"https:\/\/naturel.enroutepourleweb.com\/"},{"@type":"ListItem","position":2,"name":"Interview d&rsquo;Alain par Libertoo"}]},{"@type":"Person","@id":"https:\/\/naturel.enroutepourleweb.com\/#\/schema\/person\/37b9854a731d6abcc5e8d4db8f387dd0","name":"alain","image":{"@type":"ImageObject","@id":"https:\/\/naturel.enroutepourleweb.com\/#personlogo","inLanguage":"fr-FR","url":"https:\/\/secure.gravatar.com\/avatar\/ea368c9d827a044e03c93b24f74917c8?s=96&d=mm&r=g","contentUrl":"https:\/\/secure.gravatar.com\/avatar\/ea368c9d827a044e03c93b24f74917c8?s=96&d=mm&r=g","caption":"alain"},"url":"https:\/\/naturel.enroutepourleweb.com\/index.php\/author\/alain\/"}]}},"_links":{"self":[{"href":"https:\/\/naturel.enroutepourleweb.com\/index.php\/wp-json\/wp\/v2\/posts\/848"}],"collection":[{"href":"https:\/\/naturel.enroutepourleweb.com\/index.php\/wp-json\/wp\/v2\/posts"}],"about":[{"href":"https:\/\/naturel.enroutepourleweb.com\/index.php\/wp-json\/wp\/v2\/types\/post"}],"author":[{"embeddable":true,"href":"https:\/\/naturel.enroutepourleweb.com\/index.php\/wp-json\/wp\/v2\/users\/2"}],"replies":[{"embeddable":true,"href":"https:\/\/naturel.enroutepourleweb.com\/index.php\/wp-json\/wp\/v2\/comments?post=848"}],"version-history":[{"count":5,"href":"https:\/\/naturel.enroutepourleweb.com\/index.php\/wp-json\/wp\/v2\/posts\/848\/revisions"}],"predecessor-version":[{"id":864,"href":"https:\/\/naturel.enroutepourleweb.com\/index.php\/wp-json\/wp\/v2\/posts\/848\/revisions\/864"}],"wp:attachment":[{"href":"https:\/\/naturel.enroutepourleweb.com\/index.php\/wp-json\/wp\/v2\/media?parent=848"}],"wp:term":[{"taxonomy":"category","embeddable":true,"href":"https:\/\/naturel.enroutepourleweb.com\/index.php\/wp-json\/wp\/v2\/categories?post=848"},{"taxonomy":"post_tag","embeddable":true,"href":"https:\/\/naturel.enroutepourleweb.com\/index.php\/wp-json\/wp\/v2\/tags?post=848"}],"curies":[{"name":"wp","href":"https:\/\/api.w.org\/{rel}","templated":true}]}}